{"id":15671,"date":"2024-11-07T09:38:18","date_gmt":"2024-11-07T07:38:18","guid":{"rendered":"https:\/\/aidon.com\/?p=15671"},"modified":"2025-10-13T10:10:03","modified_gmt":"2025-10-13T07:10:03","slug":"treffen-sie-unsere-experten-auf-den-metering-days-am-20-21-november-in-fulda","status":"publish","type":"post","link":"https:\/\/aidon.com\/de\/treffen-sie-unsere-experten-auf-den-metering-days-am-20-21-november-in-fulda\/","title":{"rendered":"Treffen Sie unsere Experten auf den Metering Days am 20.-21. November in Fulda"},"content":{"rendered":"<p><img loading=\"lazy\" decoding=\"async\" class=\"alignnone wp-image-15695\" src=\"https:\/\/aidon.com\/wp-content\/uploads\/2024\/11\/Metering_Days_2024_Banner_Web_1100_2.png\" alt=\"\" width=\"700\" height=\"382\" srcset=\"https:\/\/aidon.com\/wp-content\/uploads\/2024\/11\/Metering_Days_2024_Banner_Web_1100_2.png 1100w, https:\/\/aidon.com\/wp-content\/uploads\/2024\/11\/Metering_Days_2024_Banner_Web_1100_2-300x164.png 300w, https:\/\/aidon.com\/wp-content\/uploads\/2024\/11\/Metering_Days_2024_Banner_Web_1100_2-1024x559.png 1024w, https:\/\/aidon.com\/wp-content\/uploads\/2024\/11\/Metering_Days_2024_Banner_Web_1100_2-768x419.png 768w\" sizes=\"auto, (max-width: 700px) 100vw, 700px\" \/><\/p>\n<p>Auf den Metering Days pr\u00e4sentieren wir unsere innovative FMD-Feeder Line Measurement-L\u00f6sung f\u00fcr die Abgangsmessung von Trafo-Stationen, die speziell f\u00fcr den deutschen Markt entwickelt wurde. Diese L\u00f6sung unterst\u00fctzt Netzbetreiber dabei, die Anforderungen des \u00a714a EnWG effizient zu erf\u00fcllen, der die Digitalisierung und Messung in Niederspannungsnetzen regelt.<\/p>\n<p>Nutzen Sie die Gelegenheit, unsere Experten <strong>Christoph Scharfenort<\/strong> und <strong>Carlo Lazar<\/strong> pers\u00f6nlich zu treffen und mehr \u00fcber unser ma\u00dfgeschneidertes Angebot zu erfahren. Wir freuen uns darauf, Ihnen die abgangsscharfe Messung von Trafo-Stationen zur Optimierung der Netzstabilit\u00e4t im Detail vorzustellen.<\/p>\n<p><strong>Mehr Informationen zu den Metering Days finden Sie hier<\/strong>: <a href=\"https:\/\/metering-days.de\/\">Metering Days<\/a><\/p>\n<p>&nbsp;<\/p>\n<p><a class=\"cta inside\" href=\"https:\/\/aidon.com\/de\/kontaktformular\/\" target=\"_blank\" rel=\"noopener\">Vereinbaren Sie einen Termin auf den Metering Days mit uns!<\/a><\/p>\n<p><span data-teams=\"true\"><span class=\"ui-provider a b c d e f g h i j k l m n o p q r s t u v w x y z ab ac ae af ag ah ai aj ak\" dir=\"ltr\">\u00a0<\/span><\/span><\/p>\n","protected":false},"excerpt":{"rendered":"<p>Auf den Metering Days pr\u00e4sentieren wir unsere innovative FMD-Feeder Line Measurement-L\u00f6sung f\u00fcr die Abgangsmessung von Trafo-Stationen, die speziell f\u00fcr den deutschen Markt entwickelt wurde. Diese L\u00f6sung unterst\u00fctzt Netzbetreiber dabei, die Anforderungen des \u00a714a EnWG effizient zu erf\u00fcllen, der die Digitalisierung und Messung in Niederspannungsnetzen regelt. Nutzen Sie die Gelegenheit, unsere&hellip;<\/p>\n","protected":false},"author":2,"featured_media":0,"comment_status":"closed","ping_status":"closed","sticky":false,"template":"","format":"standard","meta":{"_acf_changed":false,"footnotes":""},"categories":[52],"tags":[],"class_list":["post-15671","post","type-post","status-publish","format-standard","hentry","category-nachrichtenartikel"],"acf":[],"yoast_head":"<!-- This site is optimized with the Yoast SEO plugin v27.5 - https:\/\/yoast.com\/product\/yoast-seo-wordpress\/ -->\n<title>Treffen Sie unsere Experten auf den Metering Days am 20.-21. November in Fulda - Aidon<\/title>\n<meta name=\"robots\" content=\"index, follow, max-snippet:-1, max-image-preview:large, max-video-preview:-1\" \/>\n<link rel=\"canonical\" href=\"https:\/\/aidon.com\/de\/treffen-sie-unsere-experten-auf-den-metering-days-am-20-21-november-in-fulda\/\" \/>\n<meta property=\"og:locale\" content=\"de_DE\" \/>\n<meta property=\"og:type\" content=\"article\" \/>\n<meta property=\"og:title\" content=\"Treffen Sie unsere Experten auf den Metering Days am 20.-21. November in Fulda - Aidon\" \/>\n<meta property=\"og:description\" content=\"Auf den Metering Days pr\u00e4sentieren wir unsere innovative FMD-Feeder Line Measurement-L\u00f6sung f\u00fcr die Abgangsmessung von Trafo-Stationen, die speziell f\u00fcr den deutschen Markt entwickelt wurde. Diese L\u00f6sung unterst\u00fctzt Netzbetreiber dabei, die Anforderungen des \u00a714a EnWG effizient zu erf\u00fcllen, der die Digitalisierung und Messung in Niederspannungsnetzen regelt. Nutzen Sie die Gelegenheit, unsere&hellip;\" \/>\n<meta property=\"og:url\" content=\"https:\/\/aidon.com\/de\/treffen-sie-unsere-experten-auf-den-metering-days-am-20-21-november-in-fulda\/\" \/>\n<meta property=\"og:site_name\" content=\"Aidon\" \/>\n<meta property=\"article:published_time\" content=\"2024-11-07T07:38:18+00:00\" \/>\n<meta property=\"article:modified_time\" content=\"2025-10-13T07:10:03+00:00\" \/>\n<meta property=\"og:image\" content=\"https:\/\/aidon.com\/wp-content\/uploads\/2024\/11\/Metering_Days_2024_Banner_LI.png\" \/>\n\t<meta property=\"og:image:width\" content=\"1200\" \/>\n\t<meta property=\"og:image:height\" content=\"814\" \/>\n\t<meta property=\"og:image:type\" content=\"image\/png\" \/>\n<meta name=\"author\" content=\"suvi.vaakanainen@aidon.com\" \/>\n<meta name=\"twitter:card\" content=\"summary_large_image\" \/>\n<meta name=\"twitter:label1\" content=\"Verfasst von\" \/>\n\t<meta name=\"twitter:data1\" content=\"suvi.vaakanainen@aidon.com\" \/>\n\t<meta name=\"twitter:label2\" content=\"Gesch\u00e4tzte Lesezeit\" \/>\n\t<meta name=\"twitter:data2\" content=\"1\u00a0Minute\" \/>\n<script type=\"application\/ld+json\" class=\"yoast-schema-graph\">{\"@context\":\"https:\\\/\\\/schema.org\",\"@graph\":[{\"@type\":\"Article\",\"@id\":\"https:\\\/\\\/aidon.com\\\/de\\\/treffen-sie-unsere-experten-auf-den-metering-days-am-20-21-november-in-fulda\\\/#article\",\"isPartOf\":{\"@id\":\"https:\\\/\\\/aidon.com\\\/de\\\/treffen-sie-unsere-experten-auf-den-metering-days-am-20-21-november-in-fulda\\\/\"},\"author\":{\"name\":\"suvi.vaakanainen@aidon.com\",\"@id\":\"https:\\\/\\\/aidon.com\\\/de\\\/#\\\/schema\\\/person\\\/c49163a09dfcb445836908da5eb06e6c\"},\"headline\":\"Treffen Sie unsere Experten auf den Metering Days am 20.-21. November in Fulda\",\"datePublished\":\"2024-11-07T07:38:18+00:00\",\"dateModified\":\"2025-10-13T07:10:03+00:00\",\"mainEntityOfPage\":{\"@id\":\"https:\\\/\\\/aidon.com\\\/de\\\/treffen-sie-unsere-experten-auf-den-metering-days-am-20-21-november-in-fulda\\\/\"},\"wordCount\":129,\"image\":{\"@id\":\"https:\\\/\\\/aidon.com\\\/de\\\/treffen-sie-unsere-experten-auf-den-metering-days-am-20-21-november-in-fulda\\\/#primaryimage\"},\"thumbnailUrl\":\"https:\\\/\\\/aidon.com\\\/wp-content\\\/uploads\\\/2024\\\/11\\\/Metering_Days_2024_Banner_Web_1100_2.png\",\"articleSection\":[\"Nachrichtenartikel\"],\"inLanguage\":\"de\"},{\"@type\":\"WebPage\",\"@id\":\"https:\\\/\\\/aidon.com\\\/de\\\/treffen-sie-unsere-experten-auf-den-metering-days-am-20-21-november-in-fulda\\\/\",\"url\":\"https:\\\/\\\/aidon.com\\\/de\\\/treffen-sie-unsere-experten-auf-den-metering-days-am-20-21-november-in-fulda\\\/\",\"name\":\"Treffen Sie unsere Experten auf den Metering Days am 20.-21. November in Fulda - Aidon\",\"isPartOf\":{\"@id\":\"https:\\\/\\\/aidon.com\\\/de\\\/#website\"},\"primaryImageOfPage\":{\"@id\":\"https:\\\/\\\/aidon.com\\\/de\\\/treffen-sie-unsere-experten-auf-den-metering-days-am-20-21-november-in-fulda\\\/#primaryimage\"},\"image\":{\"@id\":\"https:\\\/\\\/aidon.com\\\/de\\\/treffen-sie-unsere-experten-auf-den-metering-days-am-20-21-november-in-fulda\\\/#primaryimage\"},\"thumbnailUrl\":\"https:\\\/\\\/aidon.com\\\/wp-content\\\/uploads\\\/2024\\\/11\\\/Metering_Days_2024_Banner_Web_1100_2.png\",\"datePublished\":\"2024-11-07T07:38:18+00:00\",\"dateModified\":\"2025-10-13T07:10:03+00:00\",\"author\":{\"@id\":\"https:\\\/\\\/aidon.com\\\/de\\\/#\\\/schema\\\/person\\\/c49163a09dfcb445836908da5eb06e6c\"},\"inLanguage\":\"de\",\"potentialAction\":[{\"@type\":\"ReadAction\",\"target\":[\"https:\\\/\\\/aidon.com\\\/de\\\/treffen-sie-unsere-experten-auf-den-metering-days-am-20-21-november-in-fulda\\\/\"]}]},{\"@type\":\"ImageObject\",\"inLanguage\":\"de\",\"@id\":\"https:\\\/\\\/aidon.com\\\/de\\\/treffen-sie-unsere-experten-auf-den-metering-days-am-20-21-november-in-fulda\\\/#primaryimage\",\"url\":\"https:\\\/\\\/aidon.com\\\/wp-content\\\/uploads\\\/2024\\\/11\\\/Metering_Days_2024_Banner_Web_1100_2.png\",\"contentUrl\":\"https:\\\/\\\/aidon.com\\\/wp-content\\\/uploads\\\/2024\\\/11\\\/Metering_Days_2024_Banner_Web_1100_2.png\"},{\"@type\":\"WebSite\",\"@id\":\"https:\\\/\\\/aidon.com\\\/de\\\/#website\",\"url\":\"https:\\\/\\\/aidon.com\\\/de\\\/\",\"name\":\"Aidon\",\"description\":\"\",\"potentialAction\":[{\"@type\":\"SearchAction\",\"target\":{\"@type\":\"EntryPoint\",\"urlTemplate\":\"https:\\\/\\\/aidon.com\\\/de\\\/?s={search_term_string}\"},\"query-input\":{\"@type\":\"PropertyValueSpecification\",\"valueRequired\":true,\"valueName\":\"search_term_string\"}}],\"inLanguage\":\"de\"},{\"@type\":\"Person\",\"@id\":\"https:\\\/\\\/aidon.com\\\/de\\\/#\\\/schema\\\/person\\\/c49163a09dfcb445836908da5eb06e6c\",\"name\":\"suvi.vaakanainen@aidon.com\",\"image\":{\"@type\":\"ImageObject\",\"inLanguage\":\"de\",\"@id\":\"https:\\\/\\\/secure.gravatar.com\\\/avatar\\\/cf33f8b58785e4a9e9852d9b3f73a5f7eea2a4966c7571ee7caeb087c261f72d?s=96&d=mm&r=g\",\"url\":\"https:\\\/\\\/secure.gravatar.com\\\/avatar\\\/cf33f8b58785e4a9e9852d9b3f73a5f7eea2a4966c7571ee7caeb087c261f72d?s=96&d=mm&r=g\",\"contentUrl\":\"https:\\\/\\\/secure.gravatar.com\\\/avatar\\\/cf33f8b58785e4a9e9852d9b3f73a5f7eea2a4966c7571ee7caeb087c261f72d?s=96&d=mm&r=g\",\"caption\":\"suvi.vaakanainen@aidon.com\"}}]}<\/script>\n<!-- \/ Yoast SEO plugin. -->","yoast_head_json":{"title":"Treffen Sie unsere Experten auf den Metering Days am 20.-21. November in Fulda - Aidon","robots":{"index":"index","follow":"follow","max-snippet":"max-snippet:-1","max-image-preview":"max-image-preview:large","max-video-preview":"max-video-preview:-1"},"canonical":"https:\/\/aidon.com\/de\/treffen-sie-unsere-experten-auf-den-metering-days-am-20-21-november-in-fulda\/","og_locale":"de_DE","og_type":"article","og_title":"Treffen Sie unsere Experten auf den Metering Days am 20.-21. November in Fulda - Aidon","og_description":"Auf den Metering Days pr\u00e4sentieren wir unsere innovative FMD-Feeder Line Measurement-L\u00f6sung f\u00fcr die Abgangsmessung von Trafo-Stationen, die speziell f\u00fcr den deutschen Markt entwickelt wurde. Diese L\u00f6sung unterst\u00fctzt Netzbetreiber dabei, die Anforderungen des \u00a714a EnWG effizient zu erf\u00fcllen, der die Digitalisierung und Messung in Niederspannungsnetzen regelt. Nutzen Sie die Gelegenheit, unsere&hellip;","og_url":"https:\/\/aidon.com\/de\/treffen-sie-unsere-experten-auf-den-metering-days-am-20-21-november-in-fulda\/","og_site_name":"Aidon","article_published_time":"2024-11-07T07:38:18+00:00","article_modified_time":"2025-10-13T07:10:03+00:00","og_image":[{"width":1200,"height":814,"url":"https:\/\/aidon.com\/wp-content\/uploads\/2024\/11\/Metering_Days_2024_Banner_LI.png","type":"image\/png"}],"author":"suvi.vaakanainen@aidon.com","twitter_card":"summary_large_image","twitter_misc":{"Verfasst von":"suvi.vaakanainen@aidon.com","Gesch\u00e4tzte Lesezeit":"1\u00a0Minute"},"schema":{"@context":"https:\/\/schema.org","@graph":[{"@type":"Article","@id":"https:\/\/aidon.com\/de\/treffen-sie-unsere-experten-auf-den-metering-days-am-20-21-november-in-fulda\/#article","isPartOf":{"@id":"https:\/\/aidon.com\/de\/treffen-sie-unsere-experten-auf-den-metering-days-am-20-21-november-in-fulda\/"},"author":{"name":"suvi.vaakanainen@aidon.com","@id":"https:\/\/aidon.com\/de\/#\/schema\/person\/c49163a09dfcb445836908da5eb06e6c"},"headline":"Treffen Sie unsere Experten auf den Metering Days am 20.-21. November in Fulda","datePublished":"2024-11-07T07:38:18+00:00","dateModified":"2025-10-13T07:10:03+00:00","mainEntityOfPage":{"@id":"https:\/\/aidon.com\/de\/treffen-sie-unsere-experten-auf-den-metering-days-am-20-21-november-in-fulda\/"},"wordCount":129,"image":{"@id":"https:\/\/aidon.com\/de\/treffen-sie-unsere-experten-auf-den-metering-days-am-20-21-november-in-fulda\/#primaryimage"},"thumbnailUrl":"https:\/\/aidon.com\/wp-content\/uploads\/2024\/11\/Metering_Days_2024_Banner_Web_1100_2.png","articleSection":["Nachrichtenartikel"],"inLanguage":"de"},{"@type":"WebPage","@id":"https:\/\/aidon.com\/de\/treffen-sie-unsere-experten-auf-den-metering-days-am-20-21-november-in-fulda\/","url":"https:\/\/aidon.com\/de\/treffen-sie-unsere-experten-auf-den-metering-days-am-20-21-november-in-fulda\/","name":"Treffen Sie unsere Experten auf den Metering Days am 20.-21. November in Fulda - Aidon","isPartOf":{"@id":"https:\/\/aidon.com\/de\/#website"},"primaryImageOfPage":{"@id":"https:\/\/aidon.com\/de\/treffen-sie-unsere-experten-auf-den-metering-days-am-20-21-november-in-fulda\/#primaryimage"},"image":{"@id":"https:\/\/aidon.com\/de\/treffen-sie-unsere-experten-auf-den-metering-days-am-20-21-november-in-fulda\/#primaryimage"},"thumbnailUrl":"https:\/\/aidon.com\/wp-content\/uploads\/2024\/11\/Metering_Days_2024_Banner_Web_1100_2.png","datePublished":"2024-11-07T07:38:18+00:00","dateModified":"2025-10-13T07:10:03+00:00","author":{"@id":"https:\/\/aidon.com\/de\/#\/schema\/person\/c49163a09dfcb445836908da5eb06e6c"},"inLanguage":"de","potentialAction":[{"@type":"ReadAction","target":["https:\/\/aidon.com\/de\/treffen-sie-unsere-experten-auf-den-metering-days-am-20-21-november-in-fulda\/"]}]},{"@type":"ImageObject","inLanguage":"de","@id":"https:\/\/aidon.com\/de\/treffen-sie-unsere-experten-auf-den-metering-days-am-20-21-november-in-fulda\/#primaryimage","url":"https:\/\/aidon.com\/wp-content\/uploads\/2024\/11\/Metering_Days_2024_Banner_Web_1100_2.png","contentUrl":"https:\/\/aidon.com\/wp-content\/uploads\/2024\/11\/Metering_Days_2024_Banner_Web_1100_2.png"},{"@type":"WebSite","@id":"https:\/\/aidon.com\/de\/#website","url":"https:\/\/aidon.com\/de\/","name":"Aidon","description":"","potentialAction":[{"@type":"SearchAction","target":{"@type":"EntryPoint","urlTemplate":"https:\/\/aidon.com\/de\/?s={search_term_string}"},"query-input":{"@type":"PropertyValueSpecification","valueRequired":true,"valueName":"search_term_string"}}],"inLanguage":"de"},{"@type":"Person","@id":"https:\/\/aidon.com\/de\/#\/schema\/person\/c49163a09dfcb445836908da5eb06e6c","name":"suvi.vaakanainen@aidon.com","image":{"@type":"ImageObject","inLanguage":"de","@id":"https:\/\/secure.gravatar.com\/avatar\/cf33f8b58785e4a9e9852d9b3f73a5f7eea2a4966c7571ee7caeb087c261f72d?s=96&d=mm&r=g","url":"https:\/\/secure.gravatar.com\/avatar\/cf33f8b58785e4a9e9852d9b3f73a5f7eea2a4966c7571ee7caeb087c261f72d?s=96&d=mm&r=g","contentUrl":"https:\/\/secure.gravatar.com\/avatar\/cf33f8b58785e4a9e9852d9b3f73a5f7eea2a4966c7571ee7caeb087c261f72d?s=96&d=mm&r=g","caption":"suvi.vaakanainen@aidon.com"}}]}},"_links":{"self":[{"href":"https:\/\/aidon.com\/de\/wp-json\/wp\/v2\/posts\/15671","targetHints":{"allow":["GET"]}}],"collection":[{"href":"https:\/\/aidon.com\/de\/wp-json\/wp\/v2\/posts"}],"about":[{"href":"https:\/\/aidon.com\/de\/wp-json\/wp\/v2\/types\/post"}],"author":[{"embeddable":true,"href":"https:\/\/aidon.com\/de\/wp-json\/wp\/v2\/users\/2"}],"replies":[{"embeddable":true,"href":"https:\/\/aidon.com\/de\/wp-json\/wp\/v2\/comments?post=15671"}],"version-history":[{"count":13,"href":"https:\/\/aidon.com\/de\/wp-json\/wp\/v2\/posts\/15671\/revisions"}],"predecessor-version":[{"id":15702,"href":"https:\/\/aidon.com\/de\/wp-json\/wp\/v2\/posts\/15671\/revisions\/15702"}],"wp:attachment":[{"href":"https:\/\/aidon.com\/de\/wp-json\/wp\/v2\/media?parent=15671"}],"wp:term":[{"taxonomy":"category","embeddable":true,"href":"https:\/\/aidon.com\/de\/wp-json\/wp\/v2\/categories?post=15671"},{"taxonomy":"post_tag","embeddable":true,"href":"https:\/\/aidon.com\/de\/wp-json\/wp\/v2\/tags?post=15671"}],"curies":[{"name":"wp","href":"https:\/\/api.w.org\/{rel}","templated":true}]}}